{"id":4390,"date":"2024-07-18T17:57:21","date_gmt":"2024-07-18T15:57:21","guid":{"rendered":"https:\/\/meerkerkweb.nl\/dcmrpoule\/?p=4390"},"modified":"2024-08-07T08:18:48","modified_gmt":"2024-08-07T06:18:48","slug":"2024-etappe-18-weer-een-dag-voor-de-vluchters","status":"publish","type":"post","link":"https:\/\/meerkerkweb.nl\/dcmrpoule\/?p=4390","title":{"rendered":"2024 &#8211; Etappe 18 &#8211; Weer een dag voor de vluchters"},"content":{"rendered":"\n<p>Op donderdag 18 juli reden de renners in de 18e etappe van de Tour de France van Gap naar Barcelonnette, een race van 179,5 kilometer met maar liefst 3.100 hoogtemeters. Het parcours van heuvels en hellingen bood kansen voor avontuurlijke renners, maar ook sterke sprinters als <strong>Van der Poel<\/strong> en <strong>Van Aert<\/strong> konden hun kans wagen.<\/p>\n\n\n\n<p>De rit begon met de Col du Festre (3,9 kilometer aan 6,3%), gevolgd door de C\u00f4te de Corps (2,1 kilometer aan 7,2%) en de Col de Manse (5,1 kilometer aan 3,6%). Deze beklimmingen zorgden voor onrust en vermoeidheid in het peloton.<\/p>\n\n\n\n<p>In de voorfinale kwam de C\u00f4te \u00e0 Saint-Apollinaire (7 kilometer aan 5,5%), waar vermoeide renners uit de kopgroep vielen. Vervolgens beklommen ze de C\u00f4te de Demoiselles Coiff\u00e9es (3,6 kilometer aan 5,4%), wat zorgde voor verdere uitputting.<\/p>\n\n\n\n<p>Na deze klim volgde een afdaling en een klim van 2,7 kilometer aan 4,5%, gevolgd door kilometerslang vals plat richting Les Thuiles. De laatste 9 kilometer naar de finish waren vrijwel vlak.<\/p>\n\n\n\n<p><strong>Van der Poel<\/strong> ontbrak in de grote kopgroep die vandaag de ruimte kreeg van het peloton. Daar was zelfs tijd om een zak M&amp;M&#8217;s uit te delen&#8230;<\/p>\n\n\n\n<p><strong>Van Aert <\/strong>was zoals verwacht wel mee maar kon het niet waarmaken. Na verschillende pogingen lukte het <strong>Kwiatkowski <\/strong>om weg te komen en <strong>Campenaerts<\/strong> en <strong>Vercher<\/strong> aan sluiten. Zij bleven vooruit en in de sprint was <strong>Victor Campenaerts<\/strong> de snelste en de winnaar van de dag.<\/p>\n\n\n\n<p>Omdat de grote namen niet in de kopgroep zaten, zijn er niet veel punten uitgedeeld vandaag in ons Tourspel. <strong>Alex Ro<\/strong> had het als enige helemaal goed gezien en <strong>Victor Campenaerts<\/strong> in zijn team opgenomen. Hij is daarmee ook de stijger van de dag en komt nu terug op plek 11. Hij klopt al op de deur van de top 10!<\/p>\n\n\n\n<p>Morgen wordt er weer vuurwerk van de grote mannen verwacht, en dus ook weer wijzigingen in onze klassementen. Voor vandaag zijn er geen wijzigingen in de top 5 van het individuele klassement. <strong>Jos Spruyt <\/strong>leidt het weekklassement van week 3 en <strong>Veerle<\/strong> staat wederom bovenaan in de Alpenprijs.<\/p>\n\n\n\n<p>Het Unitklassement blijft aangevoerd worden door <strong>Unit Interventies<\/strong> en in het ploegenklassement is het nog steeds <strong>Lotto Dstny<\/strong> dat aan de leiding gaat.<\/p>\n\n\n\n<p>\u00c1 demain!<\/p>\n\n\n\n<p><\/p>\n\n\n\n<p><\/p>\n\n\n\n<p>Gap was een bekende startplaats in de Tour, maar Barcelonnette was nieuw als finishlocatie, gelegen nabij de Italiaanse grens.<\/p>\n","protected":false},"excerpt":{"rendered":"<p>Op donderdag 18 juli reden de renners in de 18e etappe van de Tour de France van Gap naar Barcelonnette, een race van 179,5 kilometer met maar liefst 3.100 hoogtemeters. Het parcours van heuvels en hellingen bood kansen voor avontuurlijke renners, maar ook sterke sprinters als Van der Poel en Van Aert konden hun kans [&hellip;]<\/p>\n","protected":false},"author":3,"featured_media":4391,"comment_status":"open","ping_status":"open","sticky":false,"template":"","format":"standard","meta":{"footnotes":""},"categories":[6],"tags":[],"class_list":["post-4390","post","type-post","status-publish","format-standard","has-post-thumbnail","hentry","category-tourpoule"],"_links":{"self":[{"href":"https:\/\/meerkerkweb.nl\/dcmrpoule\/index.php?rest_route=\/wp\/v2\/posts\/4390","targetHints":{"allow":["GET"]}}],"collection":[{"href":"https:\/\/meerkerkweb.nl\/dcmrpoule\/index.php?rest_route=\/wp\/v2\/posts"}],"about":[{"href":"https:\/\/meerkerkweb.nl\/dcmrpoule\/index.php?rest_route=\/wp\/v2\/types\/post"}],"author":[{"embeddable":true,"href":"https:\/\/meerkerkweb.nl\/dcmrpoule\/index.php?rest_route=\/wp\/v2\/users\/3"}],"replies":[{"embeddable":true,"href":"https:\/\/meerkerkweb.nl\/dcmrpoule\/index.php?rest_route=%2Fwp%2Fv2%2Fcomments&post=4390"}],"version-history":[{"count":2,"href":"https:\/\/meerkerkweb.nl\/dcmrpoule\/index.php?rest_route=\/wp\/v2\/posts\/4390\/revisions"}],"predecessor-version":[{"id":4395,"href":"https:\/\/meerkerkweb.nl\/dcmrpoule\/index.php?rest_route=\/wp\/v2\/posts\/4390\/revisions\/4395"}],"wp:featuredmedia":[{"embeddable":true,"href":"https:\/\/meerkerkweb.nl\/dcmrpoule\/index.php?rest_route=\/wp\/v2\/media\/4391"}],"wp:attachment":[{"href":"https:\/\/meerkerkweb.nl\/dcmrpoule\/index.php?rest_route=%2Fwp%2Fv2%2Fmedia&parent=4390"}],"wp:term":[{"taxonomy":"category","embeddable":true,"href":"https:\/\/meerkerkweb.nl\/dcmrpoule\/index.php?rest_route=%2Fwp%2Fv2%2Fcategories&post=4390"},{"taxonomy":"post_tag","embeddable":true,"href":"https:\/\/meerkerkweb.nl\/dcmrpoule\/index.php?rest_route=%2Fwp%2Fv2%2Ftags&post=4390"}],"curies":[{"name":"wp","href":"https:\/\/api.w.org\/{rel}","templated":true}]}}